{"id":145,"date":"2018-01-15T19:58:53","date_gmt":"2018-01-15T19:58:53","guid":{"rendered":"http:\/\/jaderdias.com.br\/novosite\/?p=145"},"modified":"2018-01-15T20:36:59","modified_gmt":"2018-01-15T20:36:59","slug":"direito-administrativo","status":"publish","type":"post","link":"https:\/\/www.jaderdias.com.br\/site\/direito-administrativo\/","title":{"rendered":"Direito Administrativo"},"content":{"rendered":"<p>Entre as atividades de nossos Advogados da \u00c1rea Administrativo destacam-se:<\/p>\n<ul>\n<li>Avalia\u00e7\u00e3o e defesa em processos administrativos em geral, inclusive aqueles promovidos no \u00e2mbito de ag\u00eancias reguladoras;<\/li>\n<li>Acompanhamento em Processos Administrativos Disciplinares;<\/li>\n<li>Elabora\u00e7\u00e3o de recursos e defesas administrativas e judiciais;<\/li>\n<li>Propositura de a\u00e7\u00f5es para restabelecimento de gratifica\u00e7\u00f5es de servidores p\u00fablicos;<\/li>\n<li>Propositura de a\u00e7\u00f5es para ressarcimento de descontos indevidos em contracheque de servidores p\u00fablicos;<\/li>\n<li>Revis\u00e3o de aposentadoria de servidores p\u00fablicos;<\/li>\n<\/ul>\n<ul>\n<li>Pens\u00e3o por morte para benefici\u00e1rios de servidores p\u00fablicos;<\/li>\n<\/ul>\n","protected":false},"excerpt":{"rendered":"<p>Entre as atividades de nossos Advogados da \u00c1rea Administrativo destacam-se: Avalia\u00e7\u00e3o e defesa em processos administrativos em geral, inclusive aqueles promovidos no \u00e2mbito de ag\u00eancias reguladoras; Acompanhamento em Processos Administrativos Disciplinares; Elabora\u00e7\u00e3o de recursos e defesas administrativas e judiciais; Propositura de a\u00e7\u00f5es para restabelecimento de gratifica\u00e7\u00f5es de servidores p\u00fablicos; Propositura&hellip;<\/p>\n","protected":false},"author":1,"featured_media":0,"comment_status":"open","ping_status":"open","sticky":false,"template":"","format":"standard","meta":{"footnotes":""},"categories":[3],"tags":[],"class_list":["post-145","post","type-post","status-publish","format-standard","hentry","category-areas-de-atuacao"],"_links":{"self":[{"href":"https:\/\/www.jaderdias.com.br\/site\/wp-json\/wp\/v2\/posts\/145","targetHints":{"allow":["GET"]}}],"collection":[{"href":"https:\/\/www.jaderdias.com.br\/site\/wp-json\/wp\/v2\/posts"}],"about":[{"href":"https:\/\/www.jaderdias.com.br\/site\/wp-json\/wp\/v2\/types\/post"}],"author":[{"embeddable":true,"href":"https:\/\/www.jaderdias.com.br\/site\/wp-json\/wp\/v2\/users\/1"}],"replies":[{"embeddable":true,"href":"https:\/\/www.jaderdias.com.br\/site\/wp-json\/wp\/v2\/comments?post=145"}],"version-history":[{"count":1,"href":"https:\/\/www.jaderdias.com.br\/site\/wp-json\/wp\/v2\/posts\/145\/revisions"}],"predecessor-version":[{"id":146,"href":"https:\/\/www.jaderdias.com.br\/site\/wp-json\/wp\/v2\/posts\/145\/revisions\/146"}],"wp:attachment":[{"href":"https:\/\/www.jaderdias.com.br\/site\/wp-json\/wp\/v2\/media?parent=145"}],"wp:term":[{"taxonomy":"category","embeddable":true,"href":"https:\/\/www.jaderdias.com.br\/site\/wp-json\/wp\/v2\/categories?post=145"},{"taxonomy":"post_tag","embeddable":true,"href":"https:\/\/www.jaderdias.com.br\/site\/wp-json\/wp\/v2\/tags?post=145"}],"curies":[{"name":"wp","href":"https:\/\/api.w.org\/{rel}","templated":true}]}}